{"id":743,"date":"2025-07-16T15:05:07","date_gmt":"2025-07-16T13:05:07","guid":{"rendered":"https:\/\/www.sdhceskabriza.cz\/?p=743"},"modified":"2025-07-16T15:05:40","modified_gmt":"2025-07-16T13:05:40","slug":"14-6-2025-okrskova-soutez","status":"publish","type":"post","link":"https:\/\/www.sdhceskabriza.cz\/?p=743","title":{"rendered":"14.6.2025 Okrskov\u00e1 sout\u011b\u017e"},"content":{"rendered":"\n<p><strong>130 let SDH Chotin\u00e1 a okrskov\u00e1 sout\u011b\u017e<\/strong><\/p>\n\n\n\n<p>14. \u010dervna 2025 jsme odjeli na sout\u011b\u017e do Chotin\u00e9, kde ji po\u0159\u00e1dali v&nbsp;r\u00e1mci oslav 130. v\u00fdro\u010d\u00ed zalo\u017een\u00ed sboru. Sou\u010dasn\u011b tato sout\u011b\u017e byla vedena jako okrskov\u00e1.<\/p>\n\n\n\n<p>I kdy\u017e to ze za\u010d\u00e1tku nevypadalo s&nbsp;na\u0161\u00ed \u00fa\u010dast\u00ed \u00fapln\u011b dob\u0159e, povedlo se n\u00e1m postavit celkem 4 dru\u017estva \u2013 2 d\u011bt\u00ed, 1 \u017een a 1 mu\u017e\u016f.<\/p>\n\n\n\n<p>P\u0159es velmi hork\u00e9 po\u010das\u00ed se n\u00e1m vedlo celkem dob\u0159e a d\u011bti v\u00a0kategorii mlad\u0161\u00ed obsadily 1. m\u00edsto, star\u0161\u00ed d\u011bti 5. m\u00edsto, \u017een\u00e1m se tentokr\u00e1t moc neda\u0159ilo a obsadily m\u00edsto posledn\u00ed a mu\u017ei si vybojovali 2. m\u00edsto.<\/p>\n\n\n\n<figure class=\"wp-block-image size-large\"><img loading=\"lazy\" width=\"604\" height=\"340\" src=\"https:\/\/www.sdhceskabriza.cz\/wp-content\/uploads\/2025\/07\/image-15.jpeg\" alt=\"\" class=\"wp-image-744\" srcset=\"https:\/\/www.sdhceskabriza.cz\/wp-content\/uploads\/2025\/07\/image-15.jpeg 604w, https:\/\/www.sdhceskabriza.cz\/wp-content\/uploads\/2025\/07\/image-15-300x169.jpeg 300w\" sizes=\"(max-width: 604px) 100vw, 604px\" \/><\/figure>\n","protected":false},"excerpt":{"rendered":"<p>130 let SDH Chotin\u00e1 a okrskov\u00e1 sout\u011b\u017e 14. \u010dervna 2025 jsme odjeli na sout\u011b\u017e do Chotin\u00e9, kde ji po\u0159\u00e1dali v&nbsp;r\u00e1mci oslav 130. v\u00fdro\u010d\u00ed zalo\u017een\u00ed sboru. Sou\u010dasn\u011b tato sout\u011b\u017e byla vedena jako okrskov\u00e1. I kdy\u017e to ze za\u010d\u00e1tku nevypadalo s&nbsp;na\u0161\u00ed \u00fa\u010dast\u00ed \u00fapln\u011b dob\u0159e, povedlo se n\u00e1m postavit celkem 4 dru\u017estva \u2013 2 d\u011bt\u00ed, 1 \u017een a &hellip; <a href=\"https:\/\/www.sdhceskabriza.cz\/?p=743\">Continue reading <span class=\"meta-nav\">&rarr;<\/span><\/a><\/p>\n","protected":false},"author":1,"featured_media":744,"comment_status":"closed","ping_status":"closed","sticky":false,"template":"","format":"standard","meta":[],"categories":[5],"tags":[],"_links":{"self":[{"href":"https:\/\/www.sdhceskabriza.cz\/index.php?rest_route=\/wp\/v2\/posts\/743"}],"collection":[{"href":"https:\/\/www.sdhceskabriza.cz\/index.php?rest_route=\/wp\/v2\/posts"}],"about":[{"href":"https:\/\/www.sdhceskabriza.cz\/index.php?rest_route=\/wp\/v2\/types\/post"}],"author":[{"embeddable":true,"href":"https:\/\/www.sdhceskabriza.cz\/index.php?rest_route=\/wp\/v2\/users\/1"}],"replies":[{"embeddable":true,"href":"https:\/\/www.sdhceskabriza.cz\/index.php?rest_route=%2Fwp%2Fv2%2Fcomments&post=743"}],"version-history":[{"count":2,"href":"https:\/\/www.sdhceskabriza.cz\/index.php?rest_route=\/wp\/v2\/posts\/743\/revisions"}],"predecessor-version":[{"id":746,"href":"https:\/\/www.sdhceskabriza.cz\/index.php?rest_route=\/wp\/v2\/posts\/743\/revisions\/746"}],"wp:featuredmedia":[{"embeddable":true,"href":"https:\/\/www.sdhceskabriza.cz\/index.php?rest_route=\/wp\/v2\/media\/744"}],"wp:attachment":[{"href":"https:\/\/www.sdhceskabriza.cz\/index.php?rest_route=%2Fwp%2Fv2%2Fmedia&parent=743"}],"wp:term":[{"taxonomy":"category","embeddable":true,"href":"https:\/\/www.sdhceskabriza.cz\/index.php?rest_route=%2Fwp%2Fv2%2Fcategories&post=743"},{"taxonomy":"post_tag","embeddable":true,"href":"https:\/\/www.sdhceskabriza.cz\/index.php?rest_route=%2Fwp%2Fv2%2Ftags&post=743"}],"curies":[{"name":"wp","href":"https:\/\/api.w.org\/{rel}","templated":true}]}}